{"id":4217,"date":"2023-05-03T06:54:37","date_gmt":"2023-05-03T06:54:37","guid":{"rendered":"https:\/\/greenco-project.eu\/non-classifiee\/ifema-salon-internacional-de-postgrado-y-formacion-continua-postgraduate-fair-in-madrid\/"},"modified":"2023-05-03T06:59:52","modified_gmt":"2023-05-03T06:59:52","slug":"ifema-salon-internacional-de-postgrado-y-formacion-continua-postgraduate-fair-in-madrid","status":"publish","type":"post","link":"https:\/\/greenco-project.eu\/fr\/messages-evenements\/ifema-salon-internacional-de-postgrado-y-formacion-continua-postgraduate-fair-in-madrid\/","title":{"rendered":"IFEMA (Sal\u00f3n Internacional de Postgrado y Formaci\u00f3n Continua) postgraduate fair in Madrid"},"content":{"rendered":"\n<p>In March 23, 24 and 25, 2023, the Community of Madrid and the National Reference Center for Information Technology and Communications, one of our Spanish partners, had the opportunity to participate, with their own stand, in the \u00ab\u00a0International Exhibition of Postgraduate and Continuous Training\u201d at IFEMA in Madrid. This congress is at same time as \u201cAula\u201d, other important spanish event. Both attract a large number of young students looking for information on their future training alternatives. Given the influx of this profile of attendees, part of our target groups at GreenCo, we took the opportunity to disseminate the progress of the project among the audience.<\/p>\n\n\n\n<p>Many young people were committed to the environment and concerned about the carbon footprint they generate with the inappropriate use of technology, so we tried to show them some alternatives by way of example and we urge them to take a look at our ebook, since published on the project website.<\/p>\n\n\n\n<figure class=\"wp-block-image size-large\"><img loading=\"lazy\" decoding=\"async\" width=\"1024\" height=\"485\" src=\"https:\/\/greenco-project.eu\/wp-content\/uploads\/2023\/05\/2023-04-IFEMA-postgraduate-fair-in-Madrid-1024x485.jpg\" alt=\"\" class=\"wp-image-4205\" srcset=\"https:\/\/greenco-project.eu\/wp-content\/uploads\/2023\/05\/2023-04-IFEMA-postgraduate-fair-in-Madrid-1024x485.jpg 1024w, https:\/\/greenco-project.eu\/wp-content\/uploads\/2023\/05\/2023-04-IFEMA-postgraduate-fair-in-Madrid-300x142.jpg 300w, https:\/\/greenco-project.eu\/wp-content\/uploads\/2023\/05\/2023-04-IFEMA-postgraduate-fair-in-Madrid-768x363.jpg 768w, https:\/\/greenco-project.eu\/wp-content\/uploads\/2023\/05\/2023-04-IFEMA-postgraduate-fair-in-Madrid-1536x727.jpg 1536w, https:\/\/greenco-project.eu\/wp-content\/uploads\/2023\/05\/2023-04-IFEMA-postgraduate-fair-in-Madrid-2048x969.jpg 2048w\" sizes=\"auto, (max-width: 1024px) 100vw, 1024px\" \/><\/figure>\n","protected":false},"excerpt":{"rendered":"<p>In March 23, 24 and 25, 2023, the Community of Madrid and the National Reference Center for Information Technology and Communications, one of our Spanish partners, had the opportunity to participate, with their own stand, in the \u00ab\u00a0International Exhibition of Postgraduate and Continuous Training\u201d at IFEMA in Madrid. This congress is at same time as &#8230; <a title=\"IFEMA (Sal\u00f3n Internacional de Postgrado y Formaci\u00f3n Continua) postgraduate fair in Madrid\" class=\"read-more\" href=\"https:\/\/greenco-project.eu\/fr\/messages-evenements\/ifema-salon-internacional-de-postgrado-y-formacion-continua-postgraduate-fair-in-madrid\/\" aria-label=\"Plus sur IFEMA (Sal\u00f3n Internacional de Postgrado y Formaci\u00f3n Continua) postgraduate fair in Madrid\">Read More<\/a><\/p>\n","protected":false},"author":4,"featured_media":4213,"comment_status":"closed","ping_status":"closed","sticky":false,"template":"","format":"standard","meta":{"footnotes":""},"categories":[61],"tags":[],"class_list":["post-4217","post","type-post","status-publish","format-standard","has-post-thumbnail","hentry","category-messages-evenements"],"yoast_head":"<!-- This site is optimized with the Yoast SEO plugin v19.13 - https:\/\/yoast.com\/wordpress\/plugins\/seo\/ -->\n<title>IFEMA (Sal\u00f3n Internacional de Postgrado y Formaci\u00f3n Continua) postgraduate fair in Madrid - GreenCo<\/title>\n<meta name=\"robots\" content=\"index, follow, max-snippet:-1, max-image-preview:large, max-video-preview:-1\" \/>\n<link rel=\"canonical\" href=\"https:\/\/greenco-project.eu\/fr\/messages-evenements\/ifema-salon-internacional-de-postgrado-y-formacion-continua-postgraduate-fair-in-madrid\/\" \/>\n<meta property=\"og:locale\" content=\"fr_FR\" \/>\n<meta property=\"og:type\" content=\"article\" \/>\n<meta property=\"og:title\" content=\"IFEMA (Sal\u00f3n Internacional de Postgrado y Formaci\u00f3n Continua) postgraduate fair in Madrid - GreenCo\" \/>\n<meta property=\"og:description\" content=\"In March 23, 24 and 25, 2023, the Community of Madrid and the National Reference Center for Information Technology and Communications, one of our Spanish partners, had the opportunity to participate, with their own stand, in the \u00ab\u00a0International Exhibition of Postgraduate and Continuous Training\u201d at IFEMA in Madrid. This congress is at same time as ... Read More\" \/>\n<meta property=\"og:url\" content=\"https:\/\/greenco-project.eu\/fr\/messages-evenements\/ifema-salon-internacional-de-postgrado-y-formacion-continua-postgraduate-fair-in-madrid\/\" \/>\n<meta property=\"og:site_name\" content=\"GreenCo\" \/>\n<meta property=\"article:published_time\" content=\"2023-05-03T06:54:37+00:00\" \/>\n<meta property=\"article:modified_time\" content=\"2023-05-03T06:59:52+00:00\" \/>\n<meta property=\"og:image\" content=\"https:\/\/greenco-project.eu\/wp-content\/uploads\/2023\/05\/2023-04-IFEMA-postgraduate-fair-in-Madrid-1-scaled.jpg\" \/>\n\t<meta property=\"og:image:width\" content=\"2560\" \/>\n\t<meta property=\"og:image:height\" content=\"1211\" \/>\n\t<meta property=\"og:image:type\" content=\"image\/jpeg\" \/>\n<meta name=\"author\" content=\"Emilie Velazquez\" \/>\n<meta name=\"twitter:card\" content=\"summary_large_image\" \/>\n<meta name=\"twitter:label1\" content=\"\u00c9crit par\" \/>\n\t<meta name=\"twitter:data1\" content=\"Emilie Velazquez\" \/>\n\t<meta name=\"twitter:label2\" content=\"Dur\u00e9e de lecture estim\u00e9e\" \/>\n\t<meta name=\"twitter:data2\" content=\"1 minute\" \/>\n<script type=\"application\/ld+json\" class=\"yoast-schema-graph\">{\"@context\":\"https:\/\/schema.org\",\"@graph\":[{\"@type\":\"Article\",\"@id\":\"https:\/\/greenco-project.eu\/fr\/messages-evenements\/ifema-salon-internacional-de-postgrado-y-formacion-continua-postgraduate-fair-in-madrid\/#article\",\"isPartOf\":{\"@id\":\"https:\/\/greenco-project.eu\/fr\/messages-evenements\/ifema-salon-internacional-de-postgrado-y-formacion-continua-postgraduate-fair-in-madrid\/\"},\"author\":{\"name\":\"Emilie Velazquez\",\"@id\":\"https:\/\/greenco-project.eu\/fr\/#\/schema\/person\/ef2b3d9dcda5829451aa68d111e5478b\"},\"headline\":\"IFEMA (Sal\u00f3n Internacional de Postgrado y Formaci\u00f3n Continua) postgraduate fair in Madrid\",\"datePublished\":\"2023-05-03T06:54:37+00:00\",\"dateModified\":\"2023-05-03T06:59:52+00:00\",\"mainEntityOfPage\":{\"@id\":\"https:\/\/greenco-project.eu\/fr\/messages-evenements\/ifema-salon-internacional-de-postgrado-y-formacion-continua-postgraduate-fair-in-madrid\/\"},\"wordCount\":166,\"publisher\":{\"@id\":\"https:\/\/greenco-project.eu\/fr\/#organization\"},\"articleSection\":[\"Messages \u00c9v\u00e9nements\"],\"inLanguage\":\"fr-FR\"},{\"@type\":\"WebPage\",\"@id\":\"https:\/\/greenco-project.eu\/fr\/messages-evenements\/ifema-salon-internacional-de-postgrado-y-formacion-continua-postgraduate-fair-in-madrid\/\",\"url\":\"https:\/\/greenco-project.eu\/fr\/messages-evenements\/ifema-salon-internacional-de-postgrado-y-formacion-continua-postgraduate-fair-in-madrid\/\",\"name\":\"IFEMA (Sal\u00f3n Internacional de Postgrado y Formaci\u00f3n Continua) postgraduate fair in Madrid - GreenCo\",\"isPartOf\":{\"@id\":\"https:\/\/greenco-project.eu\/fr\/#website\"},\"datePublished\":\"2023-05-03T06:54:37+00:00\",\"dateModified\":\"2023-05-03T06:59:52+00:00\",\"breadcrumb\":{\"@id\":\"https:\/\/greenco-project.eu\/fr\/messages-evenements\/ifema-salon-internacional-de-postgrado-y-formacion-continua-postgraduate-fair-in-madrid\/#breadcrumb\"},\"inLanguage\":\"fr-FR\",\"potentialAction\":[{\"@type\":\"ReadAction\",\"target\":[\"https:\/\/greenco-project.eu\/fr\/messages-evenements\/ifema-salon-internacional-de-postgrado-y-formacion-continua-postgraduate-fair-in-madrid\/\"]}]},{\"@type\":\"BreadcrumbList\",\"@id\":\"https:\/\/greenco-project.eu\/fr\/messages-evenements\/ifema-salon-internacional-de-postgrado-y-formacion-continua-postgraduate-fair-in-madrid\/#breadcrumb\",\"itemListElement\":[{\"@type\":\"ListItem\",\"position\":1,\"name\":\"Portada\",\"item\":\"https:\/\/greenco-project.eu\/fr\/\"},{\"@type\":\"ListItem\",\"position\":2,\"name\":\"IFEMA (Sal\u00f3n Internacional de Postgrado y Formaci\u00f3n Continua) postgraduate fair in Madrid\"}]},{\"@type\":\"WebSite\",\"@id\":\"https:\/\/greenco-project.eu\/fr\/#website\",\"url\":\"https:\/\/greenco-project.eu\/fr\/\",\"name\":\"GreenCo\",\"description\":\"Just another WordPress site\",\"publisher\":{\"@id\":\"https:\/\/greenco-project.eu\/fr\/#organization\"},\"potentialAction\":[{\"@type\":\"SearchAction\",\"target\":{\"@type\":\"EntryPoint\",\"urlTemplate\":\"https:\/\/greenco-project.eu\/fr\/?s={search_term_string}\"},\"query-input\":\"required name=search_term_string\"}],\"inLanguage\":\"fr-FR\"},{\"@type\":\"Organization\",\"@id\":\"https:\/\/greenco-project.eu\/fr\/#organization\",\"name\":\"GreenCo\",\"url\":\"https:\/\/greenco-project.eu\/fr\/\",\"logo\":{\"@type\":\"ImageObject\",\"inLanguage\":\"fr-FR\",\"@id\":\"https:\/\/greenco-project.eu\/fr\/#\/schema\/logo\/image\/\",\"url\":\"https:\/\/greenco-project.eu\/wp-content\/uploads\/2022\/12\/LogosTop.svg\",\"contentUrl\":\"https:\/\/greenco-project.eu\/wp-content\/uploads\/2022\/12\/LogosTop.svg\",\"width\":682,\"height\":86,\"caption\":\"GreenCo\"},\"image\":{\"@id\":\"https:\/\/greenco-project.eu\/fr\/#\/schema\/logo\/image\/\"}},{\"@type\":\"Person\",\"@id\":\"https:\/\/greenco-project.eu\/fr\/#\/schema\/person\/ef2b3d9dcda5829451aa68d111e5478b\",\"name\":\"Emilie Velazquez\",\"image\":{\"@type\":\"ImageObject\",\"inLanguage\":\"fr-FR\",\"@id\":\"https:\/\/greenco-project.eu\/fr\/#\/schema\/person\/image\/\",\"url\":\"https:\/\/secure.gravatar.com\/avatar\/ffd0bdf04dd89ac498f037c08e7be95c854cc38c5903f6d4ccfb06592bcc3b60?s=96&d=mm&r=g\",\"contentUrl\":\"https:\/\/secure.gravatar.com\/avatar\/ffd0bdf04dd89ac498f037c08e7be95c854cc38c5903f6d4ccfb06592bcc3b60?s=96&d=mm&r=g\",\"caption\":\"Emilie Velazquez\"}}]}<\/script>\n<!-- \/ Yoast SEO plugin. -->","yoast_head_json":{"title":"IFEMA (Sal\u00f3n Internacional de Postgrado y Formaci\u00f3n Continua) postgraduate fair in Madrid - GreenCo","robots":{"index":"index","follow":"follow","max-snippet":"max-snippet:-1","max-image-preview":"max-image-preview:large","max-video-preview":"max-video-preview:-1"},"canonical":"https:\/\/greenco-project.eu\/fr\/messages-evenements\/ifema-salon-internacional-de-postgrado-y-formacion-continua-postgraduate-fair-in-madrid\/","og_locale":"fr_FR","og_type":"article","og_title":"IFEMA (Sal\u00f3n Internacional de Postgrado y Formaci\u00f3n Continua) postgraduate fair in Madrid - GreenCo","og_description":"In March 23, 24 and 25, 2023, the Community of Madrid and the National Reference Center for Information Technology and Communications, one of our Spanish partners, had the opportunity to participate, with their own stand, in the \u00ab\u00a0International Exhibition of Postgraduate and Continuous Training\u201d at IFEMA in Madrid. This congress is at same time as ... Read More","og_url":"https:\/\/greenco-project.eu\/fr\/messages-evenements\/ifema-salon-internacional-de-postgrado-y-formacion-continua-postgraduate-fair-in-madrid\/","og_site_name":"GreenCo","article_published_time":"2023-05-03T06:54:37+00:00","article_modified_time":"2023-05-03T06:59:52+00:00","og_image":[{"width":2560,"height":1211,"url":"https:\/\/greenco-project.eu\/wp-content\/uploads\/2023\/05\/2023-04-IFEMA-postgraduate-fair-in-Madrid-1-scaled.jpg","type":"image\/jpeg"}],"author":"Emilie Velazquez","twitter_card":"summary_large_image","twitter_misc":{"\u00c9crit par":"Emilie Velazquez","Dur\u00e9e de lecture estim\u00e9e":"1 minute"},"schema":{"@context":"https:\/\/schema.org","@graph":[{"@type":"Article","@id":"https:\/\/greenco-project.eu\/fr\/messages-evenements\/ifema-salon-internacional-de-postgrado-y-formacion-continua-postgraduate-fair-in-madrid\/#article","isPartOf":{"@id":"https:\/\/greenco-project.eu\/fr\/messages-evenements\/ifema-salon-internacional-de-postgrado-y-formacion-continua-postgraduate-fair-in-madrid\/"},"author":{"name":"Emilie Velazquez","@id":"https:\/\/greenco-project.eu\/fr\/#\/schema\/person\/ef2b3d9dcda5829451aa68d111e5478b"},"headline":"IFEMA (Sal\u00f3n Internacional de Postgrado y Formaci\u00f3n Continua) postgraduate fair in Madrid","datePublished":"2023-05-03T06:54:37+00:00","dateModified":"2023-05-03T06:59:52+00:00","mainEntityOfPage":{"@id":"https:\/\/greenco-project.eu\/fr\/messages-evenements\/ifema-salon-internacional-de-postgrado-y-formacion-continua-postgraduate-fair-in-madrid\/"},"wordCount":166,"publisher":{"@id":"https:\/\/greenco-project.eu\/fr\/#organization"},"articleSection":["Messages \u00c9v\u00e9nements"],"inLanguage":"fr-FR"},{"@type":"WebPage","@id":"https:\/\/greenco-project.eu\/fr\/messages-evenements\/ifema-salon-internacional-de-postgrado-y-formacion-continua-postgraduate-fair-in-madrid\/","url":"https:\/\/greenco-project.eu\/fr\/messages-evenements\/ifema-salon-internacional-de-postgrado-y-formacion-continua-postgraduate-fair-in-madrid\/","name":"IFEMA (Sal\u00f3n Internacional de Postgrado y Formaci\u00f3n Continua) postgraduate fair in Madrid - GreenCo","isPartOf":{"@id":"https:\/\/greenco-project.eu\/fr\/#website"},"datePublished":"2023-05-03T06:54:37+00:00","dateModified":"2023-05-03T06:59:52+00:00","breadcrumb":{"@id":"https:\/\/greenco-project.eu\/fr\/messages-evenements\/ifema-salon-internacional-de-postgrado-y-formacion-continua-postgraduate-fair-in-madrid\/#breadcrumb"},"inLanguage":"fr-FR","potentialAction":[{"@type":"ReadAction","target":["https:\/\/greenco-project.eu\/fr\/messages-evenements\/ifema-salon-internacional-de-postgrado-y-formacion-continua-postgraduate-fair-in-madrid\/"]}]},{"@type":"BreadcrumbList","@id":"https:\/\/greenco-project.eu\/fr\/messages-evenements\/ifema-salon-internacional-de-postgrado-y-formacion-continua-postgraduate-fair-in-madrid\/#breadcrumb","itemListElement":[{"@type":"ListItem","position":1,"name":"Portada","item":"https:\/\/greenco-project.eu\/fr\/"},{"@type":"ListItem","position":2,"name":"IFEMA (Sal\u00f3n Internacional de Postgrado y Formaci\u00f3n Continua) postgraduate fair in Madrid"}]},{"@type":"WebSite","@id":"https:\/\/greenco-project.eu\/fr\/#website","url":"https:\/\/greenco-project.eu\/fr\/","name":"GreenCo","description":"Just another WordPress site","publisher":{"@id":"https:\/\/greenco-project.eu\/fr\/#organization"},"potentialAction":[{"@type":"SearchAction","target":{"@type":"EntryPoint","urlTemplate":"https:\/\/greenco-project.eu\/fr\/?s={search_term_string}"},"query-input":"required name=search_term_string"}],"inLanguage":"fr-FR"},{"@type":"Organization","@id":"https:\/\/greenco-project.eu\/fr\/#organization","name":"GreenCo","url":"https:\/\/greenco-project.eu\/fr\/","logo":{"@type":"ImageObject","inLanguage":"fr-FR","@id":"https:\/\/greenco-project.eu\/fr\/#\/schema\/logo\/image\/","url":"https:\/\/greenco-project.eu\/wp-content\/uploads\/2022\/12\/LogosTop.svg","contentUrl":"https:\/\/greenco-project.eu\/wp-content\/uploads\/2022\/12\/LogosTop.svg","width":682,"height":86,"caption":"GreenCo"},"image":{"@id":"https:\/\/greenco-project.eu\/fr\/#\/schema\/logo\/image\/"}},{"@type":"Person","@id":"https:\/\/greenco-project.eu\/fr\/#\/schema\/person\/ef2b3d9dcda5829451aa68d111e5478b","name":"Emilie Velazquez","image":{"@type":"ImageObject","inLanguage":"fr-FR","@id":"https:\/\/greenco-project.eu\/fr\/#\/schema\/person\/image\/","url":"https:\/\/secure.gravatar.com\/avatar\/ffd0bdf04dd89ac498f037c08e7be95c854cc38c5903f6d4ccfb06592bcc3b60?s=96&d=mm&r=g","contentUrl":"https:\/\/secure.gravatar.com\/avatar\/ffd0bdf04dd89ac498f037c08e7be95c854cc38c5903f6d4ccfb06592bcc3b60?s=96&d=mm&r=g","caption":"Emilie Velazquez"}}]}},"_links":{"self":[{"href":"https:\/\/greenco-project.eu\/fr\/wp-json\/wp\/v2\/posts\/4217","targetHints":{"allow":["GET"]}}],"collection":[{"href":"https:\/\/greenco-project.eu\/fr\/wp-json\/wp\/v2\/posts"}],"about":[{"href":"https:\/\/greenco-project.eu\/fr\/wp-json\/wp\/v2\/types\/post"}],"author":[{"embeddable":true,"href":"https:\/\/greenco-project.eu\/fr\/wp-json\/wp\/v2\/users\/4"}],"replies":[{"embeddable":true,"href":"https:\/\/greenco-project.eu\/fr\/wp-json\/wp\/v2\/comments?post=4217"}],"version-history":[{"count":1,"href":"https:\/\/greenco-project.eu\/fr\/wp-json\/wp\/v2\/posts\/4217\/revisions"}],"predecessor-version":[{"id":4221,"href":"https:\/\/greenco-project.eu\/fr\/wp-json\/wp\/v2\/posts\/4217\/revisions\/4221"}],"wp:featuredmedia":[{"embeddable":true,"href":"https:\/\/greenco-project.eu\/fr\/wp-json\/wp\/v2\/media\/4213"}],"wp:attachment":[{"href":"https:\/\/greenco-project.eu\/fr\/wp-json\/wp\/v2\/media?parent=4217"}],"wp:term":[{"taxonomy":"category","embeddable":true,"href":"https:\/\/greenco-project.eu\/fr\/wp-json\/wp\/v2\/categories?post=4217"},{"taxonomy":"post_tag","embeddable":true,"href":"https:\/\/greenco-project.eu\/fr\/wp-json\/wp\/v2\/tags?post=4217"}],"curies":[{"name":"wp","href":"https:\/\/api.w.org\/{rel}","templated":true}]}}